{"id":2294,"date":"2019-03-21T21:32:14","date_gmt":"2019-03-21T20:32:14","guid":{"rendered":"https:\/\/www.kreativsuechtig.de\/wordpress\/?p=2294"},"modified":"2019-11-23T16:43:21","modified_gmt":"2019-11-23T15:43:21","slug":"neulich-in-berlin","status":"publish","type":"post","link":"https:\/\/www.kreativsuechtig.de\/wordpress\/neulich-in-berlin\/","title":{"rendered":"Neulich in Berlin"},"content":{"rendered":"<p style=\"text-align: right;\">Werbung<\/p>\n<p>Letzte Woche um diese Zeit habe ich gerade meine Taschen gepackt und war in Gedanken schon auf dem Weg &#8211; und wieder ist es nur ein Fingerschnipp, schwubbs!, da ist die Woche um. Ist schon erstaunlich, wenn die Kinder Schulferien haben, f\u00fchlt sich das immer alles viel l\u00e4nger an?<\/p>\n<p>Jedenfalls haben die <a href=\"https:\/\/miekenscrapt.blogspot.com\/\" target=\"_blank\" rel=\"noopener\">Frau Lehrerin<\/a> und ich das Weekend ein wenig vorab verl\u00e4ngert, inklusive Sightseeing bei Regen und weltbestem K\u00e4sekuchen in der Mall, bevor es dann am Sonntag zu <a href=\"https:\/\/www.cathleenkick.de\" target=\"_blank\" rel=\"noopener\">Cathleen<\/a> ging, wo ein ganzes Rudel Scrapweiber Lust hatte mit mir ein Minibook zu bauen. M\u00e4dels, das war klasse mit Euch! &lt;3<\/p>\n<p>Und jetzt gibt es vieleviele bunte Bilder&#8230;<\/p>\n<p><img loading=\"lazy\" decoding=\"async\" data-attachment-id=\"2318\" data-permalink=\"https:\/\/www.kreativsuechtig.de\/wordpress\/neulich-in-berlin\/minialbum_workshop_024\/\" data-orig-file=\"https:\/\/www.kreativsuechtig.de\/wordpress\/wp-content\/uploads\/2019\/03\/Minialbum_Workshop_024.jpg\" data-orig-size=\"1000,667\" data-comments-opened=\"0\" data-image-meta=\"{&quot;aperture&quot;:&quot;6.3&quot;,&quot;credit&quot;:&quot;kreativsuechtig.blogspot.de&quot;,&quot;camera&quot;:&quot;Canon EOS 6D&quot;,&quot;caption&quot;:&quot;&quot;,&quot;created_timestamp&quot;:&quot;1553205144&quot;,&quot;copyright&quot;:&quot;mel@kreativsuechtig&quot;,&quot;focal_length&quot;:&quot;61&quot;,&quot;iso&quot;:&quot;100&quot;,&quot;shutter_speed&quot;:&quot;0.008&quot;,&quot;title&quot;:&quot;&quot;,&quot;orientation&quot;:&quot;1&quot;}\" data-image-title=\"Minialbum_Workshop_024\" data-image-description=\"\" data-image-caption=\"\" data-medium-file=\"https:\/\/www.kreativsuechtig.de\/wordpress\/wp-content\/uploads\/2019\/03\/Minialbum_Workshop_024-400x267.jpg\" data-large-file=\"https:\/\/www.kreativsuechtig.de\/wordpress\/wp-content\/uploads\/2019\/03\/Minialbum_Workshop_024-700x467.jpg\" class=\"aligncenter size-large wp-image-2318\" src=\"https:\/\/www.kreativsuechtig.de\/wordpress\/wp-content\/uploads\/2019\/03\/Minialbum_Workshop_024-700x467.jpg\" alt=\"Minialbum Awakening Piatek Trzynastego\" width=\"700\" height=\"467\" srcset=\"https:\/\/www.kreativsuechtig.de\/wordpress\/wp-content\/uploads\/2019\/03\/Minialbum_Workshop_024-700x467.jpg 700w, https:\/\/www.kreativsuechtig.de\/wordpress\/wp-content\/uploads\/2019\/03\/Minialbum_Workshop_024-300x200.jpg 300w, https:\/\/www.kreativsuechtig.de\/wordpress\/wp-content\/uploads\/2019\/03\/Minialbum_Workshop_024-600x400.jpg 600w, https:\/\/www.kreativsuechtig.de\/wordpress\/wp-content\/uploads\/2019\/03\/Minialbum_Workshop_024-400x267.jpg 400w, https:\/\/www.kreativsuechtig.de\/wordpress\/wp-content\/uploads\/2019\/03\/Minialbum_Workshop_024-768x512.jpg 768w, https:\/\/www.kreativsuechtig.de\/wordpress\/wp-content\/uploads\/2019\/03\/Minialbum_Workshop_024-90x60.jpg 90w, https:\/\/www.kreativsuechtig.de\/wordpress\/wp-content\/uploads\/2019\/03\/Minialbum_Workshop_024.jpg 1000w\" sizes=\"auto, (max-width: 700px) 100vw, 700px\" \/><\/p>\n<p><img loading=\"lazy\" decoding=\"async\" data-attachment-id=\"2315\" data-permalink=\"https:\/\/www.kreativsuechtig.de\/wordpress\/neulich-in-berlin\/minialbum_workshop_021\/\" data-orig-file=\"https:\/\/www.kreativsuechtig.de\/wordpress\/wp-content\/uploads\/2019\/03\/Minialbum_Workshop_021.jpg\" data-orig-size=\"1000,667\" data-comments-opened=\"0\" data-image-meta=\"{&quot;aperture&quot;:&quot;4&quot;,&quot;credit&quot;:&quot;kreativsuechtig.blogspot.de&quot;,&quot;camera&quot;:&quot;Canon EOS 6D&quot;,&quot;caption&quot;:&quot;&quot;,&quot;created_timestamp&quot;:&quot;1553205226&quot;,&quot;copyright&quot;:&quot;mel@kreativsuechtig&quot;,&quot;focal_length&quot;:&quot;64&quot;,&quot;iso&quot;:&quot;125&quot;,&quot;shutter_speed&quot;:&quot;0.016666666666667&quot;,&quot;title&quot;:&quot;&quot;,&quot;orientation&quot;:&quot;1&quot;}\" data-image-title=\"Minialbum_Workshop_021\" data-image-description=\"\" data-image-caption=\"\" data-medium-file=\"https:\/\/www.kreativsuechtig.de\/wordpress\/wp-content\/uploads\/2019\/03\/Minialbum_Workshop_021-400x267.jpg\" data-large-file=\"https:\/\/www.kreativsuechtig.de\/wordpress\/wp-content\/uploads\/2019\/03\/Minialbum_Workshop_021-700x467.jpg\" class=\"aligncenter size-large wp-image-2315\" src=\"https:\/\/www.kreativsuechtig.de\/wordpress\/wp-content\/uploads\/2019\/03\/Minialbum_Workshop_021-700x467.jpg\" alt=\"Minialbum Innenansicht\" width=\"700\" height=\"467\" srcset=\"https:\/\/www.kreativsuechtig.de\/wordpress\/wp-content\/uploads\/2019\/03\/Minialbum_Workshop_021-700x467.jpg 700w, https:\/\/www.kreativsuechtig.de\/wordpress\/wp-content\/uploads\/2019\/03\/Minialbum_Workshop_021-300x200.jpg 300w, https:\/\/www.kreativsuechtig.de\/wordpress\/wp-content\/uploads\/2019\/03\/Minialbum_Workshop_021-600x400.jpg 600w, https:\/\/www.kreativsuechtig.de\/wordpress\/wp-content\/uploads\/2019\/03\/Minialbum_Workshop_021-400x267.jpg 400w, https:\/\/www.kreativsuechtig.de\/wordpress\/wp-content\/uploads\/2019\/03\/Minialbum_Workshop_021-768x512.jpg 768w, https:\/\/www.kreativsuechtig.de\/wordpress\/wp-content\/uploads\/2019\/03\/Minialbum_Workshop_021-90x60.jpg 90w, https:\/\/www.kreativsuechtig.de\/wordpress\/wp-content\/uploads\/2019\/03\/Minialbum_Workshop_021.jpg 1000w\" sizes=\"auto, (max-width: 700px) 100vw, 700px\" \/><\/p>\n<p><img loading=\"lazy\" decoding=\"async\" data-attachment-id=\"2316\" data-permalink=\"https:\/\/www.kreativsuechtig.de\/wordpress\/neulich-in-berlin\/minialbum_workshop_022\/\" data-orig-file=\"https:\/\/www.kreativsuechtig.de\/wordpress\/wp-content\/uploads\/2019\/03\/Minialbum_Workshop_022.jpg\" data-orig-size=\"1000,667\" data-comments-opened=\"0\" data-image-meta=\"{&quot;aperture&quot;:&quot;5&quot;,&quot;credit&quot;:&quot;kreativsuechtig.blogspot.de&quot;,&quot;camera&quot;:&quot;Canon EOS 6D&quot;,&quot;caption&quot;:&quot;&quot;,&quot;created_timestamp&quot;:&quot;1553205203&quot;,&quot;copyright&quot;:&quot;mel@kreativsuechtig&quot;,&quot;focal_length&quot;:&quot;67&quot;,&quot;iso&quot;:&quot;100&quot;,&quot;shutter_speed&quot;:&quot;0.01&quot;,&quot;title&quot;:&quot;&quot;,&quot;orientation&quot;:&quot;1&quot;}\" data-image-title=\"Minialbum_Workshop_022\" data-image-description=\"\" data-image-caption=\"\" data-medium-file=\"https:\/\/www.kreativsuechtig.de\/wordpress\/wp-content\/uploads\/2019\/03\/Minialbum_Workshop_022-400x267.jpg\" data-large-file=\"https:\/\/www.kreativsuechtig.de\/wordpress\/wp-content\/uploads\/2019\/03\/Minialbum_Workshop_022-700x467.jpg\" class=\"aligncenter size-large wp-image-2316\" src=\"https:\/\/www.kreativsuechtig.de\/wordpress\/wp-content\/uploads\/2019\/03\/Minialbum_Workshop_022-700x467.jpg\" alt=\"Minibook mit Fadenbindung\" width=\"700\" height=\"467\" srcset=\"https:\/\/www.kreativsuechtig.de\/wordpress\/wp-content\/uploads\/2019\/03\/Minialbum_Workshop_022-700x467.jpg 700w, https:\/\/www.kreativsuechtig.de\/wordpress\/wp-content\/uploads\/2019\/03\/Minialbum_Workshop_022-300x200.jpg 300w, https:\/\/www.kreativsuechtig.de\/wordpress\/wp-content\/uploads\/2019\/03\/Minialbum_Workshop_022-600x400.jpg 600w, https:\/\/www.kreativsuechtig.de\/wordpress\/wp-content\/uploads\/2019\/03\/Minialbum_Workshop_022-400x267.jpg 400w, https:\/\/www.kreativsuechtig.de\/wordpress\/wp-content\/uploads\/2019\/03\/Minialbum_Workshop_022-768x512.jpg 768w, https:\/\/www.kreativsuechtig.de\/wordpress\/wp-content\/uploads\/2019\/03\/Minialbum_Workshop_022-90x60.jpg 90w, https:\/\/www.kreativsuechtig.de\/wordpress\/wp-content\/uploads\/2019\/03\/Minialbum_Workshop_022.jpg 1000w\" sizes=\"auto, (max-width: 700px) 100vw, 700px\" \/><\/p>\n<p>Ein bi\u00dfchen wie beim letzten Mal &#8211; die Papiere wieder von <a href=\"https:\/\/piatek13.pl\/\" target=\"_blank\" rel=\"noopener\">Piatek Trzynastego<\/a> und wildes Gen\u00e4he im Buchr\u00fccken &#8211; und doch so ganz anders. Und auch dieses Album mag ich sehr sehr sehr.<\/p>\n<p><img loading=\"lazy\" decoding=\"async\" data-attachment-id=\"2319\" data-permalink=\"https:\/\/www.kreativsuechtig.de\/wordpress\/neulich-in-berlin\/minialbum_workshop_026\/\" data-orig-file=\"https:\/\/www.kreativsuechtig.de\/wordpress\/wp-content\/uploads\/2019\/03\/Minialbum_Workshop_026.jpg\" data-orig-size=\"1000,667\" data-comments-opened=\"0\" data-image-meta=\"{&quot;aperture&quot;:&quot;5&quot;,&quot;credit&quot;:&quot;kreativsuechtig.blogspot.de&quot;,&quot;camera&quot;:&quot;Canon EOS 6D&quot;,&quot;caption&quot;:&quot;&quot;,&quot;created_timestamp&quot;:&quot;1553205122&quot;,&quot;copyright&quot;:&quot;mel@kreativsuechtig&quot;,&quot;focal_length&quot;:&quot;70&quot;,&quot;iso&quot;:&quot;100&quot;,&quot;shutter_speed&quot;:&quot;0.008&quot;,&quot;title&quot;:&quot;&quot;,&quot;orientation&quot;:&quot;1&quot;}\" data-image-title=\"Minialbum_Workshop_026\" data-image-description=\"\" data-image-caption=\"\" data-medium-file=\"https:\/\/www.kreativsuechtig.de\/wordpress\/wp-content\/uploads\/2019\/03\/Minialbum_Workshop_026-400x267.jpg\" data-large-file=\"https:\/\/www.kreativsuechtig.de\/wordpress\/wp-content\/uploads\/2019\/03\/Minialbum_Workshop_026-700x467.jpg\" class=\"aligncenter size-large wp-image-2319\" src=\"https:\/\/www.kreativsuechtig.de\/wordpress\/wp-content\/uploads\/2019\/03\/Minialbum_Workshop_026-700x467.jpg\" alt=\"Album Bindung\" width=\"700\" height=\"467\" srcset=\"https:\/\/www.kreativsuechtig.de\/wordpress\/wp-content\/uploads\/2019\/03\/Minialbum_Workshop_026-700x467.jpg 700w, https:\/\/www.kreativsuechtig.de\/wordpress\/wp-content\/uploads\/2019\/03\/Minialbum_Workshop_026-300x200.jpg 300w, https:\/\/www.kreativsuechtig.de\/wordpress\/wp-content\/uploads\/2019\/03\/Minialbum_Workshop_026-600x400.jpg 600w, https:\/\/www.kreativsuechtig.de\/wordpress\/wp-content\/uploads\/2019\/03\/Minialbum_Workshop_026-400x267.jpg 400w, https:\/\/www.kreativsuechtig.de\/wordpress\/wp-content\/uploads\/2019\/03\/Minialbum_Workshop_026-768x512.jpg 768w, https:\/\/www.kreativsuechtig.de\/wordpress\/wp-content\/uploads\/2019\/03\/Minialbum_Workshop_026-90x60.jpg 90w, https:\/\/www.kreativsuechtig.de\/wordpress\/wp-content\/uploads\/2019\/03\/Minialbum_Workshop_026.jpg 1000w\" sizes=\"auto, (max-width: 700px) 100vw, 700px\" \/><\/p>\n<p>F\u00fcr die Bindung war ein bi\u00dfchen Flei\u00dfarbeit gefragt, aber es haben alle tapfer durchgehalten. ;-)<\/p>\n<p><img loading=\"lazy\" decoding=\"async\" data-attachment-id=\"2314\" data-permalink=\"https:\/\/www.kreativsuechtig.de\/wordpress\/neulich-in-berlin\/minialbum_workshop_020\/\" data-orig-file=\"https:\/\/www.kreativsuechtig.de\/wordpress\/wp-content\/uploads\/2019\/03\/Minialbum_Workshop_020.jpg\" data-orig-size=\"1000,667\" data-comments-opened=\"0\" data-image-meta=\"{&quot;aperture&quot;:&quot;5&quot;,&quot;credit&quot;:&quot;kreativsuechtig.blogspot.de&quot;,&quot;camera&quot;:&quot;Canon EOS 6D&quot;,&quot;caption&quot;:&quot;&quot;,&quot;created_timestamp&quot;:&quot;1553205249&quot;,&quot;copyright&quot;:&quot;mel@kreativsuechtig&quot;,&quot;focal_length&quot;:&quot;70&quot;,&quot;iso&quot;:&quot;100&quot;,&quot;shutter_speed&quot;:&quot;0.008&quot;,&quot;title&quot;:&quot;&quot;,&quot;orientation&quot;:&quot;1&quot;}\" data-image-title=\"Minialbum_Workshop_020\" data-image-description=\"\" data-image-caption=\"\" data-medium-file=\"https:\/\/www.kreativsuechtig.de\/wordpress\/wp-content\/uploads\/2019\/03\/Minialbum_Workshop_020-400x267.jpg\" data-large-file=\"https:\/\/www.kreativsuechtig.de\/wordpress\/wp-content\/uploads\/2019\/03\/Minialbum_Workshop_020-700x467.jpg\" class=\"aligncenter size-large wp-image-2314\" src=\"https:\/\/www.kreativsuechtig.de\/wordpress\/wp-content\/uploads\/2019\/03\/Minialbum_Workshop_020-700x467.jpg\" alt=\"Minialbum Embellishment\" width=\"700\" height=\"467\" srcset=\"https:\/\/www.kreativsuechtig.de\/wordpress\/wp-content\/uploads\/2019\/03\/Minialbum_Workshop_020-700x467.jpg 700w, https:\/\/www.kreativsuechtig.de\/wordpress\/wp-content\/uploads\/2019\/03\/Minialbum_Workshop_020-300x200.jpg 300w, https:\/\/www.kreativsuechtig.de\/wordpress\/wp-content\/uploads\/2019\/03\/Minialbum_Workshop_020-600x400.jpg 600w, https:\/\/www.kreativsuechtig.de\/wordpress\/wp-content\/uploads\/2019\/03\/Minialbum_Workshop_020-400x267.jpg 400w, https:\/\/www.kreativsuechtig.de\/wordpress\/wp-content\/uploads\/2019\/03\/Minialbum_Workshop_020-768x512.jpg 768w, https:\/\/www.kreativsuechtig.de\/wordpress\/wp-content\/uploads\/2019\/03\/Minialbum_Workshop_020-90x60.jpg 90w, https:\/\/www.kreativsuechtig.de\/wordpress\/wp-content\/uploads\/2019\/03\/Minialbum_Workshop_020.jpg 1000w\" sizes=\"auto, (max-width: 700px) 100vw, 700px\" \/><\/p>\n<p><img loading=\"lazy\" decoding=\"async\" data-attachment-id=\"2313\" data-permalink=\"https:\/\/www.kreativsuechtig.de\/wordpress\/neulich-in-berlin\/minialbum_workshop_019\/\" data-orig-file=\"https:\/\/www.kreativsuechtig.de\/wordpress\/wp-content\/uploads\/2019\/03\/Minialbum_Workshop_019.jpg\" data-orig-size=\"1000,667\" data-comments-opened=\"0\" data-image-meta=\"{&quot;aperture&quot;:&quot;6.3&quot;,&quot;credit&quot;:&quot;kreativsuechtig.blogspot.de&quot;,&quot;camera&quot;:&quot;Canon EOS 6D&quot;,&quot;caption&quot;:&quot;&quot;,&quot;created_timestamp&quot;:&quot;1553205285&quot;,&quot;copyright&quot;:&quot;mel@kreativsuechtig&quot;,&quot;focal_length&quot;:&quot;42&quot;,&quot;iso&quot;:&quot;100&quot;,&quot;shutter_speed&quot;:&quot;0.008&quot;,&quot;title&quot;:&quot;&quot;,&quot;orientation&quot;:&quot;1&quot;}\" data-image-title=\"Minialbum_Workshop_019\" data-image-description=\"\" data-image-caption=\"\" data-medium-file=\"https:\/\/www.kreativsuechtig.de\/wordpress\/wp-content\/uploads\/2019\/03\/Minialbum_Workshop_019-400x267.jpg\" data-large-file=\"https:\/\/www.kreativsuechtig.de\/wordpress\/wp-content\/uploads\/2019\/03\/Minialbum_Workshop_019-700x467.jpg\" class=\"aligncenter size-large wp-image-2313\" src=\"https:\/\/www.kreativsuechtig.de\/wordpress\/wp-content\/uploads\/2019\/03\/Minialbum_Workshop_019-700x467.jpg\" alt=\"Minibook Piatek Trzynastego Awakening\" width=\"700\" height=\"467\" srcset=\"https:\/\/www.kreativsuechtig.de\/wordpress\/wp-content\/uploads\/2019\/03\/Minialbum_Workshop_019-700x467.jpg 700w, https:\/\/www.kreativsuechtig.de\/wordpress\/wp-content\/uploads\/2019\/03\/Minialbum_Workshop_019-300x200.jpg 300w, https:\/\/www.kreativsuechtig.de\/wordpress\/wp-content\/uploads\/2019\/03\/Minialbum_Workshop_019-600x400.jpg 600w, https:\/\/www.kreativsuechtig.de\/wordpress\/wp-content\/uploads\/2019\/03\/Minialbum_Workshop_019-400x267.jpg 400w, https:\/\/www.kreativsuechtig.de\/wordpress\/wp-content\/uploads\/2019\/03\/Minialbum_Workshop_019-768x512.jpg 768w, https:\/\/www.kreativsuechtig.de\/wordpress\/wp-content\/uploads\/2019\/03\/Minialbum_Workshop_019-90x60.jpg 90w, https:\/\/www.kreativsuechtig.de\/wordpress\/wp-content\/uploads\/2019\/03\/Minialbum_Workshop_019.jpg 1000w\" sizes=\"auto, (max-width: 700px) 100vw, 700px\" \/><\/p>\n<p>Ich selber habe bei der Vorbereitung auch gut durchgehalten (das muss ja auch mal gesagt werden!), auch wenn ich beim Ausschneiden der filigranen Bl\u00fcmchenmotive zwischendurch fast einen Koller bekommen h\u00e4tte&#8230; Es erschlie\u00dft sich mir nach wie vor nicht, dass es Menschen gibt, die dabei entspannen k\u00f6nnen? Allein von der Vorstellung werde ich grad schon wieder kribbelig! Aber &#8211; die M\u00fche hat sich dann doch gelohnt, finde ich.<\/p>\n<p><img loading=\"lazy\" decoding=\"async\" data-attachment-id=\"2312\" data-permalink=\"https:\/\/www.kreativsuechtig.de\/wordpress\/neulich-in-berlin\/minialbum_workshop_018\/\" data-orig-file=\"https:\/\/www.kreativsuechtig.de\/wordpress\/wp-content\/uploads\/2019\/03\/Minialbum_Workshop_018.jpg\" data-orig-size=\"1000,667\" data-comments-opened=\"0\" data-image-meta=\"{&quot;aperture&quot;:&quot;5.6&quot;,&quot;credit&quot;:&quot;kreativsuechtig.blogspot.de&quot;,&quot;camera&quot;:&quot;Canon EOS 6D&quot;,&quot;caption&quot;:&quot;&quot;,&quot;created_timestamp&quot;:&quot;1553205308&quot;,&quot;copyright&quot;:&quot;mel@kreativsuechtig&quot;,&quot;focal_length&quot;:&quot;42&quot;,&quot;iso&quot;:&quot;100&quot;,&quot;shutter_speed&quot;:&quot;0.01&quot;,&quot;title&quot;:&quot;&quot;,&quot;orientation&quot;:&quot;1&quot;}\" data-image-title=\"Minialbum_Workshop_018\" data-image-description=\"\" data-image-caption=\"\" data-medium-file=\"https:\/\/www.kreativsuechtig.de\/wordpress\/wp-content\/uploads\/2019\/03\/Minialbum_Workshop_018-400x267.jpg\" data-large-file=\"https:\/\/www.kreativsuechtig.de\/wordpress\/wp-content\/uploads\/2019\/03\/Minialbum_Workshop_018-700x467.jpg\" class=\"aligncenter size-large wp-image-2312\" src=\"https:\/\/www.kreativsuechtig.de\/wordpress\/wp-content\/uploads\/2019\/03\/Minialbum_Workshop_018-700x467.jpg\" alt=\"Minialbum Innenseiten\" width=\"700\" height=\"467\" srcset=\"https:\/\/www.kreativsuechtig.de\/wordpress\/wp-content\/uploads\/2019\/03\/Minialbum_Workshop_018-700x467.jpg 700w, https:\/\/www.kreativsuechtig.de\/wordpress\/wp-content\/uploads\/2019\/03\/Minialbum_Workshop_018-300x200.jpg 300w, https:\/\/www.kreativsuechtig.de\/wordpress\/wp-content\/uploads\/2019\/03\/Minialbum_Workshop_018-600x400.jpg 600w, https:\/\/www.kreativsuechtig.de\/wordpress\/wp-content\/uploads\/2019\/03\/Minialbum_Workshop_018-400x267.jpg 400w, https:\/\/www.kreativsuechtig.de\/wordpress\/wp-content\/uploads\/2019\/03\/Minialbum_Workshop_018-768x512.jpg 768w, https:\/\/www.kreativsuechtig.de\/wordpress\/wp-content\/uploads\/2019\/03\/Minialbum_Workshop_018-90x60.jpg 90w, https:\/\/www.kreativsuechtig.de\/wordpress\/wp-content\/uploads\/2019\/03\/Minialbum_Workshop_018.jpg 1000w\" sizes=\"auto, (max-width: 700px) 100vw, 700px\" \/><\/p>\n<p><img loading=\"lazy\" decoding=\"async\" data-attachment-id=\"2311\" data-permalink=\"https:\/\/www.kreativsuechtig.de\/wordpress\/neulich-in-berlin\/minialbum_workshop_017\/\" data-orig-file=\"https:\/\/www.kreativsuechtig.de\/wordpress\/wp-content\/uploads\/2019\/03\/Minialbum_Workshop_017.jpg\" data-orig-size=\"1000,667\" data-comments-opened=\"0\" data-image-meta=\"{&quot;aperture&quot;:&quot;5.6&quot;,&quot;credit&quot;:&quot;kreativsuechtig.blogspot.de&quot;,&quot;camera&quot;:&quot;Canon EOS 6D&quot;,&quot;caption&quot;:&quot;&quot;,&quot;created_timestamp&quot;:&quot;1553205334&quot;,&quot;copyright&quot;:&quot;mel@kreativsuechtig&quot;,&quot;focal_length&quot;:&quot;50&quot;,&quot;iso&quot;:&quot;100&quot;,&quot;shutter_speed&quot;:&quot;0.0125&quot;,&quot;title&quot;:&quot;&quot;,&quot;orientation&quot;:&quot;1&quot;}\" data-image-title=\"Minialbum_Workshop_017\" data-image-description=\"\" data-image-caption=\"\" data-medium-file=\"https:\/\/www.kreativsuechtig.de\/wordpress\/wp-content\/uploads\/2019\/03\/Minialbum_Workshop_017-400x267.jpg\" data-large-file=\"https:\/\/www.kreativsuechtig.de\/wordpress\/wp-content\/uploads\/2019\/03\/Minialbum_Workshop_017-700x467.jpg\" class=\"aligncenter size-large wp-image-2311\" src=\"https:\/\/www.kreativsuechtig.de\/wordpress\/wp-content\/uploads\/2019\/03\/Minialbum_Workshop_017-700x467.jpg\" alt=\"Osteralbum Minibook\" width=\"700\" height=\"467\" srcset=\"https:\/\/www.kreativsuechtig.de\/wordpress\/wp-content\/uploads\/2019\/03\/Minialbum_Workshop_017-700x467.jpg 700w, https:\/\/www.kreativsuechtig.de\/wordpress\/wp-content\/uploads\/2019\/03\/Minialbum_Workshop_017-300x200.jpg 300w, https:\/\/www.kreativsuechtig.de\/wordpress\/wp-content\/uploads\/2019\/03\/Minialbum_Workshop_017-600x400.jpg 600w, https:\/\/www.kreativsuechtig.de\/wordpress\/wp-content\/uploads\/2019\/03\/Minialbum_Workshop_017-400x267.jpg 400w, https:\/\/www.kreativsuechtig.de\/wordpress\/wp-content\/uploads\/2019\/03\/Minialbum_Workshop_017-768x512.jpg 768w, https:\/\/www.kreativsuechtig.de\/wordpress\/wp-content\/uploads\/2019\/03\/Minialbum_Workshop_017-90x60.jpg 90w, https:\/\/www.kreativsuechtig.de\/wordpress\/wp-content\/uploads\/2019\/03\/Minialbum_Workshop_017.jpg 1000w\" sizes=\"auto, (max-width: 700px) 100vw, 700px\" \/><\/p>\n<p>Die Fotos, die hier zum Einsatz gekommen sind, waren dann auch gut abgelagert. Ostern 2010 &#8211; das ist ein paar Tage her. Wie klein die Jungs da noch sind? Irgendwie wie in einem anderen Leben&#8230;<\/p>\n<p><img loading=\"lazy\" decoding=\"async\" data-attachment-id=\"2310\" data-permalink=\"https:\/\/www.kreativsuechtig.de\/wordpress\/neulich-in-berlin\/minialbum_workshop_016\/\" data-orig-file=\"https:\/\/www.kreativsuechtig.de\/wordpress\/wp-content\/uploads\/2019\/03\/Minialbum_Workshop_016.jpg\" data-orig-size=\"1000,667\" data-comments-opened=\"0\" data-image-meta=\"{&quot;aperture&quot;:&quot;5&quot;,&quot;credit&quot;:&quot;kreativsuechtig.blogspot.de&quot;,&quot;camera&quot;:&quot;Canon EOS 6D&quot;,&quot;caption&quot;:&quot;&quot;,&quot;created_timestamp&quot;:&quot;1553205352&quot;,&quot;copyright&quot;:&quot;mel@kreativsuechtig&quot;,&quot;focal_length&quot;:&quot;70&quot;,&quot;iso&quot;:&quot;100&quot;,&quot;shutter_speed&quot;:&quot;0.01&quot;,&quot;title&quot;:&quot;&quot;,&quot;orientation&quot;:&quot;1&quot;}\" data-image-title=\"Minialbum_Workshop_016\" data-image-description=\"\" data-image-caption=\"\" data-medium-file=\"https:\/\/www.kreativsuechtig.de\/wordpress\/wp-content\/uploads\/2019\/03\/Minialbum_Workshop_016-400x267.jpg\" data-large-file=\"https:\/\/www.kreativsuechtig.de\/wordpress\/wp-content\/uploads\/2019\/03\/Minialbum_Workshop_016-700x467.jpg\" class=\"aligncenter size-large wp-image-2310\" src=\"https:\/\/www.kreativsuechtig.de\/wordpress\/wp-content\/uploads\/2019\/03\/Minialbum_Workshop_016-700x467.jpg\" alt=\"DIY Ephemera\" width=\"700\" height=\"467\" srcset=\"https:\/\/www.kreativsuechtig.de\/wordpress\/wp-content\/uploads\/2019\/03\/Minialbum_Workshop_016-700x467.jpg 700w, https:\/\/www.kreativsuechtig.de\/wordpress\/wp-content\/uploads\/2019\/03\/Minialbum_Workshop_016-300x200.jpg 300w, https:\/\/www.kreativsuechtig.de\/wordpress\/wp-content\/uploads\/2019\/03\/Minialbum_Workshop_016-600x400.jpg 600w, https:\/\/www.kreativsuechtig.de\/wordpress\/wp-content\/uploads\/2019\/03\/Minialbum_Workshop_016-400x267.jpg 400w, https:\/\/www.kreativsuechtig.de\/wordpress\/wp-content\/uploads\/2019\/03\/Minialbum_Workshop_016-768x512.jpg 768w, https:\/\/www.kreativsuechtig.de\/wordpress\/wp-content\/uploads\/2019\/03\/Minialbum_Workshop_016-90x60.jpg 90w, https:\/\/www.kreativsuechtig.de\/wordpress\/wp-content\/uploads\/2019\/03\/Minialbum_Workshop_016.jpg 1000w\" sizes=\"auto, (max-width: 700px) 100vw, 700px\" \/><\/p>\n<p><img loading=\"lazy\" decoding=\"async\" data-attachment-id=\"2309\" data-permalink=\"https:\/\/www.kreativsuechtig.de\/wordpress\/neulich-in-berlin\/minialbum_workshop_015\/\" data-orig-file=\"https:\/\/www.kreativsuechtig.de\/wordpress\/wp-content\/uploads\/2019\/03\/Minialbum_Workshop_015.jpg\" data-orig-size=\"1000,667\" data-comments-opened=\"0\" data-image-meta=\"{&quot;aperture&quot;:&quot;5&quot;,&quot;credit&quot;:&quot;kreativsuechtig.blogspot.de&quot;,&quot;camera&quot;:&quot;Canon EOS 6D&quot;,&quot;caption&quot;:&quot;&quot;,&quot;created_timestamp&quot;:&quot;1553205366&quot;,&quot;copyright&quot;:&quot;mel@kreativsuechtig&quot;,&quot;focal_length&quot;:&quot;70&quot;,&quot;iso&quot;:&quot;100&quot;,&quot;shutter_speed&quot;:&quot;0.01&quot;,&quot;title&quot;:&quot;&quot;,&quot;orientation&quot;:&quot;1&quot;}\" data-image-title=\"Minialbum_Workshop_015\" data-image-description=\"\" data-image-caption=\"\" data-medium-file=\"https:\/\/www.kreativsuechtig.de\/wordpress\/wp-content\/uploads\/2019\/03\/Minialbum_Workshop_015-400x267.jpg\" data-large-file=\"https:\/\/www.kreativsuechtig.de\/wordpress\/wp-content\/uploads\/2019\/03\/Minialbum_Workshop_015-700x467.jpg\" class=\"aligncenter size-large wp-image-2309\" src=\"https:\/\/www.kreativsuechtig.de\/wordpress\/wp-content\/uploads\/2019\/03\/Minialbum_Workshop_015-700x467.jpg\" alt=\"Osteralbum\" width=\"700\" height=\"467\" srcset=\"https:\/\/www.kreativsuechtig.de\/wordpress\/wp-content\/uploads\/2019\/03\/Minialbum_Workshop_015-700x467.jpg 700w, https:\/\/www.kreativsuechtig.de\/wordpress\/wp-content\/uploads\/2019\/03\/Minialbum_Workshop_015-300x200.jpg 300w, https:\/\/www.kreativsuechtig.de\/wordpress\/wp-content\/uploads\/2019\/03\/Minialbum_Workshop_015-600x400.jpg 600w, https:\/\/www.kreativsuechtig.de\/wordpress\/wp-content\/uploads\/2019\/03\/Minialbum_Workshop_015-400x267.jpg 400w, https:\/\/www.kreativsuechtig.de\/wordpress\/wp-content\/uploads\/2019\/03\/Minialbum_Workshop_015-768x512.jpg 768w, https:\/\/www.kreativsuechtig.de\/wordpress\/wp-content\/uploads\/2019\/03\/Minialbum_Workshop_015-90x60.jpg 90w, https:\/\/www.kreativsuechtig.de\/wordpress\/wp-content\/uploads\/2019\/03\/Minialbum_Workshop_015.jpg 1000w\" sizes=\"auto, (max-width: 700px) 100vw, 700px\" \/><\/p>\n<p><img loading=\"lazy\" decoding=\"async\" data-attachment-id=\"2308\" data-permalink=\"https:\/\/www.kreativsuechtig.de\/wordpress\/neulich-in-berlin\/minialbum_workshop_014\/\" data-orig-file=\"https:\/\/www.kreativsuechtig.de\/wordpress\/wp-content\/uploads\/2019\/03\/Minialbum_Workshop_014.jpg\" data-orig-size=\"1000,667\" data-comments-opened=\"0\" data-image-meta=\"{&quot;aperture&quot;:&quot;5&quot;,&quot;credit&quot;:&quot;kreativsuechtig.blogspot.de&quot;,&quot;camera&quot;:&quot;Canon EOS 6D&quot;,&quot;caption&quot;:&quot;&quot;,&quot;created_timestamp&quot;:&quot;1553205377&quot;,&quot;copyright&quot;:&quot;mel@kreativsuechtig&quot;,&quot;focal_length&quot;:&quot;70&quot;,&quot;iso&quot;:&quot;100&quot;,&quot;shutter_speed&quot;:&quot;0.01&quot;,&quot;title&quot;:&quot;&quot;,&quot;orientation&quot;:&quot;1&quot;}\" data-image-title=\"Minialbum_Workshop_014\" data-image-description=\"\" data-image-caption=\"\" data-medium-file=\"https:\/\/www.kreativsuechtig.de\/wordpress\/wp-content\/uploads\/2019\/03\/Minialbum_Workshop_014-400x267.jpg\" data-large-file=\"https:\/\/www.kreativsuechtig.de\/wordpress\/wp-content\/uploads\/2019\/03\/Minialbum_Workshop_014-700x467.jpg\" class=\"aligncenter size-large wp-image-2308\" src=\"https:\/\/www.kreativsuechtig.de\/wordpress\/wp-content\/uploads\/2019\/03\/Minialbum_Workshop_014-700x467.jpg\" alt=\"DIY Fotobuch zu Ostern\" width=\"700\" height=\"467\" srcset=\"https:\/\/www.kreativsuechtig.de\/wordpress\/wp-content\/uploads\/2019\/03\/Minialbum_Workshop_014-700x467.jpg 700w, https:\/\/www.kreativsuechtig.de\/wordpress\/wp-content\/uploads\/2019\/03\/Minialbum_Workshop_014-300x200.jpg 300w, https:\/\/www.kreativsuechtig.de\/wordpress\/wp-content\/uploads\/2019\/03\/Minialbum_Workshop_014-600x400.jpg 600w, https:\/\/www.kreativsuechtig.de\/wordpress\/wp-content\/uploads\/2019\/03\/Minialbum_Workshop_014-400x267.jpg 400w, https:\/\/www.kreativsuechtig.de\/wordpress\/wp-content\/uploads\/2019\/03\/Minialbum_Workshop_014-768x512.jpg 768w, https:\/\/www.kreativsuechtig.de\/wordpress\/wp-content\/uploads\/2019\/03\/Minialbum_Workshop_014-90x60.jpg 90w, https:\/\/www.kreativsuechtig.de\/wordpress\/wp-content\/uploads\/2019\/03\/Minialbum_Workshop_014.jpg 1000w\" sizes=\"auto, (max-width: 700px) 100vw, 700px\" \/><\/p>\n<p>Der dicke kleine Piepmatz ist so s\u00fc\u00df. (nicht wahr, Pami?) \u00dcberhaupt ist das ganze Papier so zauberhaft gestaltet, viel braucht man da zus\u00e4tzlich gar nicht machen. Und deshalb gibt es auch eine Menge Seiten, die gar nicht gro\u00dfartig dekoriert sind. Die Augen bekommen trotzdem genug Futter.<\/p>\n<p><img loading=\"lazy\" decoding=\"async\" data-attachment-id=\"2307\" data-permalink=\"https:\/\/www.kreativsuechtig.de\/wordpress\/neulich-in-berlin\/minialbum_workshop_013\/\" data-orig-file=\"https:\/\/www.kreativsuechtig.de\/wordpress\/wp-content\/uploads\/2019\/03\/Minialbum_Workshop_013.jpg\" data-orig-size=\"1000,667\" data-comments-opened=\"0\" data-image-meta=\"{&quot;aperture&quot;:&quot;7.1&quot;,&quot;credit&quot;:&quot;kreativsuechtig.blogspot.de&quot;,&quot;camera&quot;:&quot;Canon EOS 6D&quot;,&quot;caption&quot;:&quot;&quot;,&quot;created_timestamp&quot;:&quot;1553205403&quot;,&quot;copyright&quot;:&quot;mel@kreativsuechtig&quot;,&quot;focal_length&quot;:&quot;44&quot;,&quot;iso&quot;:&quot;100&quot;,&quot;shutter_speed&quot;:&quot;0.008&quot;,&quot;title&quot;:&quot;&quot;,&quot;orientation&quot;:&quot;1&quot;}\" data-image-title=\"Minialbum_Workshop_013\" data-image-description=\"\" data-image-caption=\"\" data-medium-file=\"https:\/\/www.kreativsuechtig.de\/wordpress\/wp-content\/uploads\/2019\/03\/Minialbum_Workshop_013-400x267.jpg\" data-large-file=\"https:\/\/www.kreativsuechtig.de\/wordpress\/wp-content\/uploads\/2019\/03\/Minialbum_Workshop_013-700x467.jpg\" class=\"aligncenter size-large wp-image-2307\" src=\"https:\/\/www.kreativsuechtig.de\/wordpress\/wp-content\/uploads\/2019\/03\/Minialbum_Workshop_013-700x467.jpg\" alt=\"Seite mit Tag\" width=\"700\" height=\"467\" srcset=\"https:\/\/www.kreativsuechtig.de\/wordpress\/wp-content\/uploads\/2019\/03\/Minialbum_Workshop_013-700x467.jpg 700w, https:\/\/www.kreativsuechtig.de\/wordpress\/wp-content\/uploads\/2019\/03\/Minialbum_Workshop_013-300x200.jpg 300w, https:\/\/www.kreativsuechtig.de\/wordpress\/wp-content\/uploads\/2019\/03\/Minialbum_Workshop_013-600x400.jpg 600w, https:\/\/www.kreativsuechtig.de\/wordpress\/wp-content\/uploads\/2019\/03\/Minialbum_Workshop_013-400x267.jpg 400w, https:\/\/www.kreativsuechtig.de\/wordpress\/wp-content\/uploads\/2019\/03\/Minialbum_Workshop_013-768x512.jpg 768w, https:\/\/www.kreativsuechtig.de\/wordpress\/wp-content\/uploads\/2019\/03\/Minialbum_Workshop_013-90x60.jpg 90w, https:\/\/www.kreativsuechtig.de\/wordpress\/wp-content\/uploads\/2019\/03\/Minialbum_Workshop_013.jpg 1000w\" sizes=\"auto, (max-width: 700px) 100vw, 700px\" \/><\/p>\n<p><img loading=\"lazy\" decoding=\"async\" data-attachment-id=\"2306\" data-permalink=\"https:\/\/www.kreativsuechtig.de\/wordpress\/neulich-in-berlin\/minialbum_workshop_012\/\" data-orig-file=\"https:\/\/www.kreativsuechtig.de\/wordpress\/wp-content\/uploads\/2019\/03\/Minialbum_Workshop_012.jpg\" data-orig-size=\"1000,667\" data-comments-opened=\"0\" data-image-meta=\"{&quot;aperture&quot;:&quot;5.6&quot;,&quot;credit&quot;:&quot;kreativsuechtig.blogspot.de&quot;,&quot;camera&quot;:&quot;Canon EOS 6D&quot;,&quot;caption&quot;:&quot;&quot;,&quot;created_timestamp&quot;:&quot;1553205418&quot;,&quot;copyright&quot;:&quot;mel@kreativsuechtig&quot;,&quot;focal_length&quot;:&quot;70&quot;,&quot;iso&quot;:&quot;100&quot;,&quot;shutter_speed&quot;:&quot;0.008&quot;,&quot;title&quot;:&quot;&quot;,&quot;orientation&quot;:&quot;1&quot;}\" data-image-title=\"Minialbum_Workshop_012\" data-image-description=\"\" data-image-caption=\"\" data-medium-file=\"https:\/\/www.kreativsuechtig.de\/wordpress\/wp-content\/uploads\/2019\/03\/Minialbum_Workshop_012-400x267.jpg\" data-large-file=\"https:\/\/www.kreativsuechtig.de\/wordpress\/wp-content\/uploads\/2019\/03\/Minialbum_Workshop_012-700x467.jpg\" class=\"aligncenter size-large wp-image-2306\" src=\"https:\/\/www.kreativsuechtig.de\/wordpress\/wp-content\/uploads\/2019\/03\/Minialbum_Workshop_012-700x467.jpg\" alt=\"Minialbum zu Ostern\" width=\"700\" height=\"467\" srcset=\"https:\/\/www.kreativsuechtig.de\/wordpress\/wp-content\/uploads\/2019\/03\/Minialbum_Workshop_012-700x467.jpg 700w, https:\/\/www.kreativsuechtig.de\/wordpress\/wp-content\/uploads\/2019\/03\/Minialbum_Workshop_012-300x200.jpg 300w, https:\/\/www.kreativsuechtig.de\/wordpress\/wp-content\/uploads\/2019\/03\/Minialbum_Workshop_012-600x400.jpg 600w, https:\/\/www.kreativsuechtig.de\/wordpress\/wp-content\/uploads\/2019\/03\/Minialbum_Workshop_012-400x267.jpg 400w, https:\/\/www.kreativsuechtig.de\/wordpress\/wp-content\/uploads\/2019\/03\/Minialbum_Workshop_012-768x512.jpg 768w, https:\/\/www.kreativsuechtig.de\/wordpress\/wp-content\/uploads\/2019\/03\/Minialbum_Workshop_012-90x60.jpg 90w, https:\/\/www.kreativsuechtig.de\/wordpress\/wp-content\/uploads\/2019\/03\/Minialbum_Workshop_012.jpg 1000w\" sizes=\"auto, (max-width: 700px) 100vw, 700px\" \/><\/p>\n<p><img loading=\"lazy\" decoding=\"async\" data-attachment-id=\"2305\" data-permalink=\"https:\/\/www.kreativsuechtig.de\/wordpress\/neulich-in-berlin\/minialbum_workshop_011\/\" data-orig-file=\"https:\/\/www.kreativsuechtig.de\/wordpress\/wp-content\/uploads\/2019\/03\/Minialbum_Workshop_011.jpg\" data-orig-size=\"1000,667\" data-comments-opened=\"0\" data-image-meta=\"{&quot;aperture&quot;:&quot;5.6&quot;,&quot;credit&quot;:&quot;kreativsuechtig.blogspot.de&quot;,&quot;camera&quot;:&quot;Canon EOS 6D&quot;,&quot;caption&quot;:&quot;&quot;,&quot;created_timestamp&quot;:&quot;1553205433&quot;,&quot;copyright&quot;:&quot;mel@kreativsuechtig&quot;,&quot;focal_length&quot;:&quot;70&quot;,&quot;iso&quot;:&quot;100&quot;,&quot;shutter_speed&quot;:&quot;0.008&quot;,&quot;title&quot;:&quot;&quot;,&quot;orientation&quot;:&quot;1&quot;}\" data-image-title=\"Minialbum_Workshop_011\" data-image-description=\"\" data-image-caption=\"\" data-medium-file=\"https:\/\/www.kreativsuechtig.de\/wordpress\/wp-content\/uploads\/2019\/03\/Minialbum_Workshop_011-400x267.jpg\" data-large-file=\"https:\/\/www.kreativsuechtig.de\/wordpress\/wp-content\/uploads\/2019\/03\/Minialbum_Workshop_011-700x467.jpg\" class=\"aligncenter size-large wp-image-2305\" src=\"https:\/\/www.kreativsuechtig.de\/wordpress\/wp-content\/uploads\/2019\/03\/Minialbum_Workshop_011-700x467.jpg\" alt=\"Minibook Klappe\" width=\"700\" height=\"467\" srcset=\"https:\/\/www.kreativsuechtig.de\/wordpress\/wp-content\/uploads\/2019\/03\/Minialbum_Workshop_011-700x467.jpg 700w, https:\/\/www.kreativsuechtig.de\/wordpress\/wp-content\/uploads\/2019\/03\/Minialbum_Workshop_011-300x200.jpg 300w, https:\/\/www.kreativsuechtig.de\/wordpress\/wp-content\/uploads\/2019\/03\/Minialbum_Workshop_011-600x400.jpg 600w, https:\/\/www.kreativsuechtig.de\/wordpress\/wp-content\/uploads\/2019\/03\/Minialbum_Workshop_011-400x267.jpg 400w, https:\/\/www.kreativsuechtig.de\/wordpress\/wp-content\/uploads\/2019\/03\/Minialbum_Workshop_011-768x512.jpg 768w, https:\/\/www.kreativsuechtig.de\/wordpress\/wp-content\/uploads\/2019\/03\/Minialbum_Workshop_011-90x60.jpg 90w, https:\/\/www.kreativsuechtig.de\/wordpress\/wp-content\/uploads\/2019\/03\/Minialbum_Workshop_011.jpg 1000w\" sizes=\"auto, (max-width: 700px) 100vw, 700px\" \/><\/p>\n<p>Ein paar Klappen und Laschen gibt es nat\u00fcrlich auch in diesem Album.<\/p>\n<p><img loading=\"lazy\" decoding=\"async\" data-attachment-id=\"2304\" data-permalink=\"https:\/\/www.kreativsuechtig.de\/wordpress\/neulich-in-berlin\/minialbum_workshop_010\/\" data-orig-file=\"https:\/\/www.kreativsuechtig.de\/wordpress\/wp-content\/uploads\/2019\/03\/Minialbum_Workshop_010.jpg\" data-orig-size=\"1000,667\" data-comments-opened=\"0\" data-image-meta=\"{&quot;aperture&quot;:&quot;6.3&quot;,&quot;credit&quot;:&quot;kreativsuechtig.blogspot.de&quot;,&quot;camera&quot;:&quot;Canon EOS 6D&quot;,&quot;caption&quot;:&quot;&quot;,&quot;created_timestamp&quot;:&quot;1553205453&quot;,&quot;copyright&quot;:&quot;mel@kreativsuechtig&quot;,&quot;focal_length&quot;:&quot;47&quot;,&quot;iso&quot;:&quot;100&quot;,&quot;shutter_speed&quot;:&quot;0.01&quot;,&quot;title&quot;:&quot;&quot;,&quot;orientation&quot;:&quot;1&quot;}\" data-image-title=\"Minialbum_Workshop_010\" data-image-description=\"\" data-image-caption=\"\" data-medium-file=\"https:\/\/www.kreativsuechtig.de\/wordpress\/wp-content\/uploads\/2019\/03\/Minialbum_Workshop_010-400x267.jpg\" data-large-file=\"https:\/\/www.kreativsuechtig.de\/wordpress\/wp-content\/uploads\/2019\/03\/Minialbum_Workshop_010-700x467.jpg\" class=\"aligncenter size-large wp-image-2304\" src=\"https:\/\/www.kreativsuechtig.de\/wordpress\/wp-content\/uploads\/2019\/03\/Minialbum_Workshop_010-700x467.jpg\" alt=\"Minialbum Ostsee\" width=\"700\" height=\"467\" srcset=\"https:\/\/www.kreativsuechtig.de\/wordpress\/wp-content\/uploads\/2019\/03\/Minialbum_Workshop_010-700x467.jpg 700w, https:\/\/www.kreativsuechtig.de\/wordpress\/wp-content\/uploads\/2019\/03\/Minialbum_Workshop_010-300x200.jpg 300w, https:\/\/www.kreativsuechtig.de\/wordpress\/wp-content\/uploads\/2019\/03\/Minialbum_Workshop_010-600x400.jpg 600w, https:\/\/www.kreativsuechtig.de\/wordpress\/wp-content\/uploads\/2019\/03\/Minialbum_Workshop_010-400x267.jpg 400w, https:\/\/www.kreativsuechtig.de\/wordpress\/wp-content\/uploads\/2019\/03\/Minialbum_Workshop_010-768x512.jpg 768w, https:\/\/www.kreativsuechtig.de\/wordpress\/wp-content\/uploads\/2019\/03\/Minialbum_Workshop_010-90x60.jpg 90w, https:\/\/www.kreativsuechtig.de\/wordpress\/wp-content\/uploads\/2019\/03\/Minialbum_Workshop_010.jpg 1000w\" sizes=\"auto, (max-width: 700px) 100vw, 700px\" \/><\/p>\n<p><img loading=\"lazy\" decoding=\"async\" data-attachment-id=\"2303\" data-permalink=\"https:\/\/www.kreativsuechtig.de\/wordpress\/neulich-in-berlin\/minialbum_workshop_009\/\" data-orig-file=\"https:\/\/www.kreativsuechtig.de\/wordpress\/wp-content\/uploads\/2019\/03\/Minialbum_Workshop_009.jpg\" data-orig-size=\"1000,667\" data-comments-opened=\"0\" data-image-meta=\"{&quot;aperture&quot;:&quot;6.3&quot;,&quot;credit&quot;:&quot;kreativsuechtig.blogspot.de&quot;,&quot;camera&quot;:&quot;Canon EOS 6D&quot;,&quot;caption&quot;:&quot;&quot;,&quot;created_timestamp&quot;:&quot;1553205469&quot;,&quot;copyright&quot;:&quot;mel@kreativsuechtig&quot;,&quot;focal_length&quot;:&quot;57&quot;,&quot;iso&quot;:&quot;100&quot;,&quot;shutter_speed&quot;:&quot;0.008&quot;,&quot;title&quot;:&quot;&quot;,&quot;orientation&quot;:&quot;1&quot;}\" data-image-title=\"Minialbum_Workshop_009\" data-image-description=\"\" data-image-caption=\"\" data-medium-file=\"https:\/\/www.kreativsuechtig.de\/wordpress\/wp-content\/uploads\/2019\/03\/Minialbum_Workshop_009-400x267.jpg\" data-large-file=\"https:\/\/www.kreativsuechtig.de\/wordpress\/wp-content\/uploads\/2019\/03\/Minialbum_Workshop_009-700x467.jpg\" class=\"aligncenter size-large wp-image-2303\" src=\"https:\/\/www.kreativsuechtig.de\/wordpress\/wp-content\/uploads\/2019\/03\/Minialbum_Workshop_009-700x467.jpg\" alt=\"Scrapbooking Fr\u00fchling\" width=\"700\" height=\"467\" srcset=\"https:\/\/www.kreativsuechtig.de\/wordpress\/wp-content\/uploads\/2019\/03\/Minialbum_Workshop_009-700x467.jpg 700w, https:\/\/www.kreativsuechtig.de\/wordpress\/wp-content\/uploads\/2019\/03\/Minialbum_Workshop_009-300x200.jpg 300w, https:\/\/www.kreativsuechtig.de\/wordpress\/wp-content\/uploads\/2019\/03\/Minialbum_Workshop_009-600x400.jpg 600w, https:\/\/www.kreativsuechtig.de\/wordpress\/wp-content\/uploads\/2019\/03\/Minialbum_Workshop_009-400x267.jpg 400w, https:\/\/www.kreativsuechtig.de\/wordpress\/wp-content\/uploads\/2019\/03\/Minialbum_Workshop_009-768x512.jpg 768w, https:\/\/www.kreativsuechtig.de\/wordpress\/wp-content\/uploads\/2019\/03\/Minialbum_Workshop_009-90x60.jpg 90w, https:\/\/www.kreativsuechtig.de\/wordpress\/wp-content\/uploads\/2019\/03\/Minialbum_Workshop_009.jpg 1000w\" sizes=\"auto, (max-width: 700px) 100vw, 700px\" \/><\/p>\n<p><img loading=\"lazy\" decoding=\"async\" data-attachment-id=\"2302\" data-permalink=\"https:\/\/www.kreativsuechtig.de\/wordpress\/neulich-in-berlin\/minialbum_workshop_008\/\" data-orig-file=\"https:\/\/www.kreativsuechtig.de\/wordpress\/wp-content\/uploads\/2019\/03\/Minialbum_Workshop_008.jpg\" data-orig-size=\"1000,667\" data-comments-opened=\"0\" data-image-meta=\"{&quot;aperture&quot;:&quot;5&quot;,&quot;credit&quot;:&quot;kreativsuechtig.blogspot.de&quot;,&quot;camera&quot;:&quot;Canon EOS 6D&quot;,&quot;caption&quot;:&quot;&quot;,&quot;created_timestamp&quot;:&quot;1553205495&quot;,&quot;copyright&quot;:&quot;mel@kreativsuechtig&quot;,&quot;focal_length&quot;:&quot;70&quot;,&quot;iso&quot;:&quot;100&quot;,&quot;shutter_speed&quot;:&quot;0.008&quot;,&quot;title&quot;:&quot;&quot;,&quot;orientation&quot;:&quot;1&quot;}\" data-image-title=\"Minialbum_Workshop_008\" data-image-description=\"\" data-image-caption=\"\" data-medium-file=\"https:\/\/www.kreativsuechtig.de\/wordpress\/wp-content\/uploads\/2019\/03\/Minialbum_Workshop_008-400x267.jpg\" data-large-file=\"https:\/\/www.kreativsuechtig.de\/wordpress\/wp-content\/uploads\/2019\/03\/Minialbum_Workshop_008-700x467.jpg\" class=\"aligncenter size-large wp-image-2302\" src=\"https:\/\/www.kreativsuechtig.de\/wordpress\/wp-content\/uploads\/2019\/03\/Minialbum_Workshop_008-700x467.jpg\" alt=\"Minialbum Workshop bei Cathleen Kick\" width=\"700\" height=\"467\" srcset=\"https:\/\/www.kreativsuechtig.de\/wordpress\/wp-content\/uploads\/2019\/03\/Minialbum_Workshop_008-700x467.jpg 700w, https:\/\/www.kreativsuechtig.de\/wordpress\/wp-content\/uploads\/2019\/03\/Minialbum_Workshop_008-300x200.jpg 300w, https:\/\/www.kreativsuechtig.de\/wordpress\/wp-content\/uploads\/2019\/03\/Minialbum_Workshop_008-600x400.jpg 600w, https:\/\/www.kreativsuechtig.de\/wordpress\/wp-content\/uploads\/2019\/03\/Minialbum_Workshop_008-400x267.jpg 400w, https:\/\/www.kreativsuechtig.de\/wordpress\/wp-content\/uploads\/2019\/03\/Minialbum_Workshop_008-768x512.jpg 768w, https:\/\/www.kreativsuechtig.de\/wordpress\/wp-content\/uploads\/2019\/03\/Minialbum_Workshop_008-90x60.jpg 90w, https:\/\/www.kreativsuechtig.de\/wordpress\/wp-content\/uploads\/2019\/03\/Minialbum_Workshop_008.jpg 1000w\" sizes=\"auto, (max-width: 700px) 100vw, 700px\" \/><\/p>\n<p>Und nat\u00fcrlich viele, viele Fotos. Ich habe etwas \u00fcber f\u00fcnfzig Bilder verarbeitet und es h\u00e4tten auch noch mehr rein gepasst. Ein dickes kleines Klopsteil, dieses Mini. So mag ich sie am liebsten.<\/p>\n<p><img loading=\"lazy\" decoding=\"async\" data-attachment-id=\"2300\" data-permalink=\"https:\/\/www.kreativsuechtig.de\/wordpress\/neulich-in-berlin\/minialbum_workshop_006\/\" data-orig-file=\"https:\/\/www.kreativsuechtig.de\/wordpress\/wp-content\/uploads\/2019\/03\/Minialbum_Workshop_006.jpg\" data-orig-size=\"1000,667\" data-comments-opened=\"0\" data-image-meta=\"{&quot;aperture&quot;:&quot;5.6&quot;,&quot;credit&quot;:&quot;kreativsuechtig.blogspot.de&quot;,&quot;camera&quot;:&quot;Canon EOS 6D&quot;,&quot;caption&quot;:&quot;&quot;,&quot;created_timestamp&quot;:&quot;1553205538&quot;,&quot;copyright&quot;:&quot;mel@kreativsuechtig&quot;,&quot;focal_length&quot;:&quot;50&quot;,&quot;iso&quot;:&quot;100&quot;,&quot;shutter_speed&quot;:&quot;0.0125&quot;,&quot;title&quot;:&quot;&quot;,&quot;orientation&quot;:&quot;1&quot;}\" data-image-title=\"Minialbum_Workshop_006\" data-image-description=\"\" data-image-caption=\"\" data-medium-file=\"https:\/\/www.kreativsuechtig.de\/wordpress\/wp-content\/uploads\/2019\/03\/Minialbum_Workshop_006-400x267.jpg\" data-large-file=\"https:\/\/www.kreativsuechtig.de\/wordpress\/wp-content\/uploads\/2019\/03\/Minialbum_Workshop_006-700x467.jpg\" class=\"aligncenter size-large wp-image-2300\" src=\"https:\/\/www.kreativsuechtig.de\/wordpress\/wp-content\/uploads\/2019\/03\/Minialbum_Workshop_006-700x467.jpg\" alt=\"\" width=\"700\" height=\"467\" srcset=\"https:\/\/www.kreativsuechtig.de\/wordpress\/wp-content\/uploads\/2019\/03\/Minialbum_Workshop_006-700x467.jpg 700w, https:\/\/www.kreativsuechtig.de\/wordpress\/wp-content\/uploads\/2019\/03\/Minialbum_Workshop_006-300x200.jpg 300w, https:\/\/www.kreativsuechtig.de\/wordpress\/wp-content\/uploads\/2019\/03\/Minialbum_Workshop_006-600x400.jpg 600w, https:\/\/www.kreativsuechtig.de\/wordpress\/wp-content\/uploads\/2019\/03\/Minialbum_Workshop_006-400x267.jpg 400w, https:\/\/www.kreativsuechtig.de\/wordpress\/wp-content\/uploads\/2019\/03\/Minialbum_Workshop_006-768x512.jpg 768w, https:\/\/www.kreativsuechtig.de\/wordpress\/wp-content\/uploads\/2019\/03\/Minialbum_Workshop_006-90x60.jpg 90w, https:\/\/www.kreativsuechtig.de\/wordpress\/wp-content\/uploads\/2019\/03\/Minialbum_Workshop_006.jpg 1000w\" sizes=\"auto, (max-width: 700px) 100vw, 700px\" \/><\/p>\n<p><img loading=\"lazy\" decoding=\"async\" data-attachment-id=\"2299\" data-permalink=\"https:\/\/www.kreativsuechtig.de\/wordpress\/neulich-in-berlin\/minialbum_workshop_005\/\" data-orig-file=\"https:\/\/www.kreativsuechtig.de\/wordpress\/wp-content\/uploads\/2019\/03\/Minialbum_Workshop_005.jpg\" data-orig-size=\"1000,667\" data-comments-opened=\"0\" data-image-meta=\"{&quot;aperture&quot;:&quot;5.6&quot;,&quot;credit&quot;:&quot;kreativsuechtig.blogspot.de&quot;,&quot;camera&quot;:&quot;Canon EOS 6D&quot;,&quot;caption&quot;:&quot;&quot;,&quot;created_timestamp&quot;:&quot;1553205564&quot;,&quot;copyright&quot;:&quot;mel@kreativsuechtig&quot;,&quot;focal_length&quot;:&quot;47&quot;,&quot;iso&quot;:&quot;100&quot;,&quot;shutter_speed&quot;:&quot;0.01&quot;,&quot;title&quot;:&quot;&quot;,&quot;orientation&quot;:&quot;1&quot;}\" data-image-title=\"Minialbum_Workshop_005\" data-image-description=\"\" data-image-caption=\"\" data-medium-file=\"https:\/\/www.kreativsuechtig.de\/wordpress\/wp-content\/uploads\/2019\/03\/Minialbum_Workshop_005-400x267.jpg\" data-large-file=\"https:\/\/www.kreativsuechtig.de\/wordpress\/wp-content\/uploads\/2019\/03\/Minialbum_Workshop_005-700x467.jpg\" class=\"aligncenter size-large wp-image-2299\" src=\"https:\/\/www.kreativsuechtig.de\/wordpress\/wp-content\/uploads\/2019\/03\/Minialbum_Workshop_005-700x467.jpg\" alt=\"\" width=\"700\" height=\"467\" srcset=\"https:\/\/www.kreativsuechtig.de\/wordpress\/wp-content\/uploads\/2019\/03\/Minialbum_Workshop_005-700x467.jpg 700w, https:\/\/www.kreativsuechtig.de\/wordpress\/wp-content\/uploads\/2019\/03\/Minialbum_Workshop_005-300x200.jpg 300w, https:\/\/www.kreativsuechtig.de\/wordpress\/wp-content\/uploads\/2019\/03\/Minialbum_Workshop_005-600x400.jpg 600w, https:\/\/www.kreativsuechtig.de\/wordpress\/wp-content\/uploads\/2019\/03\/Minialbum_Workshop_005-400x267.jpg 400w, https:\/\/www.kreativsuechtig.de\/wordpress\/wp-content\/uploads\/2019\/03\/Minialbum_Workshop_005-768x512.jpg 768w, https:\/\/www.kreativsuechtig.de\/wordpress\/wp-content\/uploads\/2019\/03\/Minialbum_Workshop_005-90x60.jpg 90w, https:\/\/www.kreativsuechtig.de\/wordpress\/wp-content\/uploads\/2019\/03\/Minialbum_Workshop_005.jpg 1000w\" sizes=\"auto, (max-width: 700px) 100vw, 700px\" \/><\/p>\n<p><img loading=\"lazy\" decoding=\"async\" data-attachment-id=\"2298\" data-permalink=\"https:\/\/www.kreativsuechtig.de\/wordpress\/neulich-in-berlin\/minialbum_workshop_004\/\" data-orig-file=\"https:\/\/www.kreativsuechtig.de\/wordpress\/wp-content\/uploads\/2019\/03\/Minialbum_Workshop_004.jpg\" data-orig-size=\"1000,667\" data-comments-opened=\"0\" data-image-meta=\"{&quot;aperture&quot;:&quot;5&quot;,&quot;credit&quot;:&quot;kreativsuechtig.blogspot.de&quot;,&quot;camera&quot;:&quot;Canon EOS 6D&quot;,&quot;caption&quot;:&quot;&quot;,&quot;created_timestamp&quot;:&quot;1553205572&quot;,&quot;copyright&quot;:&quot;mel@kreativsuechtig&quot;,&quot;focal_length&quot;:&quot;67&quot;,&quot;iso&quot;:&quot;100&quot;,&quot;shutter_speed&quot;:&quot;0.01&quot;,&quot;title&quot;:&quot;&quot;,&quot;orientation&quot;:&quot;1&quot;}\" data-image-title=\"Minialbum_Workshop_004\" data-image-description=\"\" data-image-caption=\"\" data-medium-file=\"https:\/\/www.kreativsuechtig.de\/wordpress\/wp-content\/uploads\/2019\/03\/Minialbum_Workshop_004-400x267.jpg\" data-large-file=\"https:\/\/www.kreativsuechtig.de\/wordpress\/wp-content\/uploads\/2019\/03\/Minialbum_Workshop_004-700x467.jpg\" class=\"aligncenter size-large wp-image-2298\" src=\"https:\/\/www.kreativsuechtig.de\/wordpress\/wp-content\/uploads\/2019\/03\/Minialbum_Workshop_004-700x467.jpg\" alt=\"\" width=\"700\" height=\"467\" srcset=\"https:\/\/www.kreativsuechtig.de\/wordpress\/wp-content\/uploads\/2019\/03\/Minialbum_Workshop_004-700x467.jpg 700w, https:\/\/www.kreativsuechtig.de\/wordpress\/wp-content\/uploads\/2019\/03\/Minialbum_Workshop_004-300x200.jpg 300w, https:\/\/www.kreativsuechtig.de\/wordpress\/wp-content\/uploads\/2019\/03\/Minialbum_Workshop_004-600x400.jpg 600w, https:\/\/www.kreativsuechtig.de\/wordpress\/wp-content\/uploads\/2019\/03\/Minialbum_Workshop_004-400x267.jpg 400w, https:\/\/www.kreativsuechtig.de\/wordpress\/wp-content\/uploads\/2019\/03\/Minialbum_Workshop_004-768x512.jpg 768w, https:\/\/www.kreativsuechtig.de\/wordpress\/wp-content\/uploads\/2019\/03\/Minialbum_Workshop_004-90x60.jpg 90w, https:\/\/www.kreativsuechtig.de\/wordpress\/wp-content\/uploads\/2019\/03\/Minialbum_Workshop_004.jpg 1000w\" sizes=\"auto, (max-width: 700px) 100vw, 700px\" \/><\/p>\n<p>Das Tolle an dieser Bauart ist, dass man die Alben, ohne wirklich etwas zu \u00e4ndern, f\u00fcr jede denkbare Anzahl an Fotos super easy anpassen kann.<\/p>\n<p><img loading=\"lazy\" decoding=\"async\" data-attachment-id=\"2297\" data-permalink=\"https:\/\/www.kreativsuechtig.de\/wordpress\/neulich-in-berlin\/minialbum_workshop_003\/\" data-orig-file=\"https:\/\/www.kreativsuechtig.de\/wordpress\/wp-content\/uploads\/2019\/03\/Minialbum_Workshop_003.jpg\" data-orig-size=\"1000,667\" data-comments-opened=\"0\" data-image-meta=\"{&quot;aperture&quot;:&quot;4.5&quot;,&quot;credit&quot;:&quot;kreativsuechtig.blogspot.de&quot;,&quot;camera&quot;:&quot;Canon EOS 6D&quot;,&quot;caption&quot;:&quot;&quot;,&quot;created_timestamp&quot;:&quot;1553205587&quot;,&quot;copyright&quot;:&quot;mel@kreativsuechtig&quot;,&quot;focal_length&quot;:&quot;70&quot;,&quot;iso&quot;:&quot;100&quot;,&quot;shutter_speed&quot;:&quot;0.01&quot;,&quot;title&quot;:&quot;&quot;,&quot;orientation&quot;:&quot;1&quot;}\" data-image-title=\"Minialbum_Workshop_003\" data-image-description=\"\" data-image-caption=\"\" data-medium-file=\"https:\/\/www.kreativsuechtig.de\/wordpress\/wp-content\/uploads\/2019\/03\/Minialbum_Workshop_003-400x267.jpg\" data-large-file=\"https:\/\/www.kreativsuechtig.de\/wordpress\/wp-content\/uploads\/2019\/03\/Minialbum_Workshop_003-700x467.jpg\" class=\"aligncenter size-large wp-image-2297\" src=\"https:\/\/www.kreativsuechtig.de\/wordpress\/wp-content\/uploads\/2019\/03\/Minialbum_Workshop_003-700x467.jpg\" alt=\"\" width=\"700\" height=\"467\" srcset=\"https:\/\/www.kreativsuechtig.de\/wordpress\/wp-content\/uploads\/2019\/03\/Minialbum_Workshop_003-700x467.jpg 700w, https:\/\/www.kreativsuechtig.de\/wordpress\/wp-content\/uploads\/2019\/03\/Minialbum_Workshop_003-300x200.jpg 300w, https:\/\/www.kreativsuechtig.de\/wordpress\/wp-content\/uploads\/2019\/03\/Minialbum_Workshop_003-600x400.jpg 600w, https:\/\/www.kreativsuechtig.de\/wordpress\/wp-content\/uploads\/2019\/03\/Minialbum_Workshop_003-400x267.jpg 400w, https:\/\/www.kreativsuechtig.de\/wordpress\/wp-content\/uploads\/2019\/03\/Minialbum_Workshop_003-768x512.jpg 768w, https:\/\/www.kreativsuechtig.de\/wordpress\/wp-content\/uploads\/2019\/03\/Minialbum_Workshop_003-90x60.jpg 90w, https:\/\/www.kreativsuechtig.de\/wordpress\/wp-content\/uploads\/2019\/03\/Minialbum_Workshop_003.jpg 1000w\" sizes=\"auto, (max-width: 700px) 100vw, 700px\" \/><\/p>\n<p><img loading=\"lazy\" decoding=\"async\" data-attachment-id=\"2296\" data-permalink=\"https:\/\/www.kreativsuechtig.de\/wordpress\/neulich-in-berlin\/minialbum_workshop_002\/\" data-orig-file=\"https:\/\/www.kreativsuechtig.de\/wordpress\/wp-content\/uploads\/2019\/03\/Minialbum_Workshop_002.jpg\" data-orig-size=\"1000,667\" data-comments-opened=\"0\" data-image-meta=\"{&quot;aperture&quot;:&quot;5&quot;,&quot;credit&quot;:&quot;kreativsuechtig.blogspot.de&quot;,&quot;camera&quot;:&quot;Canon EOS 6D&quot;,&quot;caption&quot;:&quot;&quot;,&quot;created_timestamp&quot;:&quot;1553205619&quot;,&quot;copyright&quot;:&quot;mel@kreativsuechtig&quot;,&quot;focal_length&quot;:&quot;57&quot;,&quot;iso&quot;:&quot;100&quot;,&quot;shutter_speed&quot;:&quot;0.01&quot;,&quot;title&quot;:&quot;&quot;,&quot;orientation&quot;:&quot;1&quot;}\" data-image-title=\"Minialbum_Workshop_002\" data-image-description=\"\" data-image-caption=\"\" data-medium-file=\"https:\/\/www.kreativsuechtig.de\/wordpress\/wp-content\/uploads\/2019\/03\/Minialbum_Workshop_002-400x267.jpg\" data-large-file=\"https:\/\/www.kreativsuechtig.de\/wordpress\/wp-content\/uploads\/2019\/03\/Minialbum_Workshop_002-700x467.jpg\" class=\"aligncenter size-large wp-image-2296\" src=\"https:\/\/www.kreativsuechtig.de\/wordpress\/wp-content\/uploads\/2019\/03\/Minialbum_Workshop_002-700x467.jpg\" alt=\"\" width=\"700\" height=\"467\" srcset=\"https:\/\/www.kreativsuechtig.de\/wordpress\/wp-content\/uploads\/2019\/03\/Minialbum_Workshop_002-700x467.jpg 700w, https:\/\/www.kreativsuechtig.de\/wordpress\/wp-content\/uploads\/2019\/03\/Minialbum_Workshop_002-300x200.jpg 300w, https:\/\/www.kreativsuechtig.de\/wordpress\/wp-content\/uploads\/2019\/03\/Minialbum_Workshop_002-600x400.jpg 600w, https:\/\/www.kreativsuechtig.de\/wordpress\/wp-content\/uploads\/2019\/03\/Minialbum_Workshop_002-400x267.jpg 400w, https:\/\/www.kreativsuechtig.de\/wordpress\/wp-content\/uploads\/2019\/03\/Minialbum_Workshop_002-768x512.jpg 768w, https:\/\/www.kreativsuechtig.de\/wordpress\/wp-content\/uploads\/2019\/03\/Minialbum_Workshop_002-90x60.jpg 90w, https:\/\/www.kreativsuechtig.de\/wordpress\/wp-content\/uploads\/2019\/03\/Minialbum_Workshop_002.jpg 1000w\" sizes=\"auto, (max-width: 700px) 100vw, 700px\" \/><\/p>\n<p><img loading=\"lazy\" decoding=\"async\" data-attachment-id=\"2295\" data-permalink=\"https:\/\/www.kreativsuechtig.de\/wordpress\/neulich-in-berlin\/minialbum_workshop_001\/\" data-orig-file=\"https:\/\/www.kreativsuechtig.de\/wordpress\/wp-content\/uploads\/2019\/03\/Minialbum_Workshop_001.jpg\" data-orig-size=\"1000,667\" data-comments-opened=\"0\" data-image-meta=\"{&quot;aperture&quot;:&quot;6.3&quot;,&quot;credit&quot;:&quot;kreativsuechtig.blogspot.de&quot;,&quot;camera&quot;:&quot;Canon EOS 6D&quot;,&quot;caption&quot;:&quot;&quot;,&quot;created_timestamp&quot;:&quot;1553205633&quot;,&quot;copyright&quot;:&quot;mel@kreativsuechtig&quot;,&quot;focal_length&quot;:&quot;57&quot;,&quot;iso&quot;:&quot;100&quot;,&quot;shutter_speed&quot;:&quot;0.008&quot;,&quot;title&quot;:&quot;&quot;,&quot;orientation&quot;:&quot;1&quot;}\" data-image-title=\"Minialbum_Workshop_001\" data-image-description=\"\" data-image-caption=\"\" data-medium-file=\"https:\/\/www.kreativsuechtig.de\/wordpress\/wp-content\/uploads\/2019\/03\/Minialbum_Workshop_001-400x267.jpg\" data-large-file=\"https:\/\/www.kreativsuechtig.de\/wordpress\/wp-content\/uploads\/2019\/03\/Minialbum_Workshop_001-700x467.jpg\" class=\"aligncenter size-large wp-image-2295\" src=\"https:\/\/www.kreativsuechtig.de\/wordpress\/wp-content\/uploads\/2019\/03\/Minialbum_Workshop_001-700x467.jpg\" alt=\"\" width=\"700\" height=\"467\" srcset=\"https:\/\/www.kreativsuechtig.de\/wordpress\/wp-content\/uploads\/2019\/03\/Minialbum_Workshop_001-700x467.jpg 700w, https:\/\/www.kreativsuechtig.de\/wordpress\/wp-content\/uploads\/2019\/03\/Minialbum_Workshop_001-300x200.jpg 300w, https:\/\/www.kreativsuechtig.de\/wordpress\/wp-content\/uploads\/2019\/03\/Minialbum_Workshop_001-600x400.jpg 600w, https:\/\/www.kreativsuechtig.de\/wordpress\/wp-content\/uploads\/2019\/03\/Minialbum_Workshop_001-400x267.jpg 400w, https:\/\/www.kreativsuechtig.de\/wordpress\/wp-content\/uploads\/2019\/03\/Minialbum_Workshop_001-768x512.jpg 768w, https:\/\/www.kreativsuechtig.de\/wordpress\/wp-content\/uploads\/2019\/03\/Minialbum_Workshop_001-90x60.jpg 90w, https:\/\/www.kreativsuechtig.de\/wordpress\/wp-content\/uploads\/2019\/03\/Minialbum_Workshop_001.jpg 1000w\" sizes=\"auto, (max-width: 700px) 100vw, 700px\" \/><\/p>\n<p>Nach Berlin komme ich dann im n\u00e4chsten Jahr wieder &#8211; aber dann bestellen wir vorher gutes Wetter, damit es eine gro\u00dfe Portion Touri-Fotos gibt. Ich meine, irgendwomit muss man seine Minis ja auch f\u00fcllen? ;-)<\/p>\n<p><img loading=\"lazy\" decoding=\"async\" data-attachment-id=\"1307\" data-permalink=\"https:\/\/www.kreativsuechtig.de\/wordpress\/cidm-2017-goodiebag-giveaway\/mel-2\/\" data-orig-file=\"https:\/\/www.kreativsuechtig.de\/wordpress\/wp-content\/uploads\/2017\/05\/Mel.jpg\" data-orig-size=\"482,122\" data-comments-opened=\"1\" data-image-meta=\"{&quot;aperture&quot;:&quot;0&quot;,&quot;credit&quot;:&quot;&quot;,&quot;camera&quot;:&quot;&quot;,&quot;caption&quot;:&quot;&quot;,&quot;created_timestamp&quot;:&quot;0&quot;,&quot;copyright&quot;:&quot;&quot;,&quot;focal_length&quot;:&quot;0&quot;,&quot;iso&quot;:&quot;0&quot;,&quot;shutter_speed&quot;:&quot;0&quot;,&quot;title&quot;:&quot;&quot;,&quot;orientation&quot;:&quot;1&quot;}\" data-image-title=\"Mel\" data-image-description=\"\" data-image-caption=\"\" data-medium-file=\"https:\/\/www.kreativsuechtig.de\/wordpress\/wp-content\/uploads\/2017\/05\/Mel-400x101.jpg\" data-large-file=\"https:\/\/www.kreativsuechtig.de\/wordpress\/wp-content\/uploads\/2017\/05\/Mel.jpg\" class=\"aligncenter size-full wp-image-1307\" src=\"https:\/\/www.kreativsuechtig.de\/wordpress\/wp-content\/uploads\/2017\/05\/Mel.jpg\" alt=\"Kreativs\u00fcchtig\" width=\"482\" height=\"122\" srcset=\"https:\/\/www.kreativsuechtig.de\/wordpress\/wp-content\/uploads\/2017\/05\/Mel.jpg 482w, https:\/\/www.kreativsuechtig.de\/wordpress\/wp-content\/uploads\/2017\/05\/Mel-400x101.jpg 400w\" sizes=\"auto, (max-width: 482px) 100vw, 482px\" \/><\/p>\n<p>&nbsp;<\/p>\n","protected":false},"excerpt":{"rendered":"<p>Werbung Letzte Woche um diese Zeit habe ich gerade meine Taschen gepackt und war in Gedanken schon auf dem Weg &#8211; und wieder ist es nur ein Fingerschnipp, schwubbs!, da ist die Woche um. Ist schon erstaunlich, wenn die Kinder Schulferien haben, f\u00fchlt sich das immer alles viel l\u00e4nger an? Jedenfalls haben die Frau Lehrerin [&hellip;]<\/p>\n","protected":false},"author":4,"featured_media":2320,"comment_status":"open","ping_status":"closed","sticky":false,"template":"","format":"standard","meta":{"advanced_seo_description":"","jetpack_seo_html_title":"","jetpack_seo_noindex":false,"jetpack_post_was_ever_published":false,"_jetpack_newsletter_access":"","_jetpack_dont_email_post_to_subs":false,"_jetpack_newsletter_tier_id":0,"_jetpack_memberships_contains_paywalled_content":false,"_jetpack_memberships_contains_paid_content":false,"footnotes":"","jetpack_publicize_message":"","jetpack_publicize_feature_enabled":true,"jetpack_social_post_already_shared":true,"jetpack_social_options":{"image_generator_settings":{"template":"highway","default_image_id":0,"font":"","enabled":false},"version":2}},"categories":[13,31],"tags":[18,14],"class_list":["post-2294","post","type-post","status-publish","format-standard","has-post-thumbnail","hentry","category-mel-auf-tour","category-minibooks","tag-minialbum","tag-workshop"],"jetpack_publicize_connections":[],"jetpack_featured_media_url":"https:\/\/www.kreativsuechtig.de\/wordpress\/wp-content\/uploads\/2019\/03\/Minialbum_Workshop_Titel.jpg","jetpack_sharing_enabled":true,"jetpack_shortlink":"https:\/\/wp.me\/p8N8p9-B0","jetpack-related-posts":[{"id":2357,"url":"https:\/\/www.kreativsuechtig.de\/wordpress\/eine-woche-voller-sketche\/","url_meta":{"origin":2294,"position":0},"title":"Eine Woche voller Sketche&#8230;","author":"Mel","date":"3. Juni 2019","format":false,"excerpt":"...liegt jetzt schon wieder ein paar Tage hinter uns. Aber es war wieder so cool!! Die letzte Runde 7 Tage 7 Sketche war ja auch schon viel zu lange her. Um ehrlich zu sein, deutlich \u00fcber ein Jahr - das geht ja wohl gar nicht?! Allerdings war ich mir eine\u2026","rel":"","context":"In &quot;7T7S&quot;","block_context":{"text":"7T7S","link":"https:\/\/www.kreativsuechtig.de\/wordpress\/category\/7t7s\/"},"img":{"alt_text":"Sketche zur Challenge","src":"https:\/\/i0.wp.com\/www.kreativsuechtig.de\/wordpress\/wp-content\/uploads\/2019\/06\/7TageSketche_8.jpg?resize=350%2C200&ssl=1","width":350,"height":200,"srcset":"https:\/\/i0.wp.com\/www.kreativsuechtig.de\/wordpress\/wp-content\/uploads\/2019\/06\/7TageSketche_8.jpg?resize=350%2C200&ssl=1 1x, https:\/\/i0.wp.com\/www.kreativsuechtig.de\/wordpress\/wp-content\/uploads\/2019\/06\/7TageSketche_8.jpg?resize=525%2C300&ssl=1 1.5x"},"classes":[]},{"id":5763,"url":"https:\/\/www.kreativsuechtig.de\/wordpress\/ausgefranst\/","url_meta":{"origin":2294,"position":1},"title":"Ausgefranst","author":"Mel","date":"26. Februar 2024","format":false,"excerpt":"Und schon hei\u00dfen wir die neue Woche willkommen - nat\u00fcrlich mit einem neuen #mmmitmachmontag. :-) Ich wei\u00df nicht, wie es Euch geht, f\u00fcr mich ist die Montags-Challenge genau der richtige Kick, den ich brauche, um aus meinem Wochenend-Trott raus zu kommen und ich bleibe damit so richtig sch\u00f6n im Flow.\u2026","rel":"","context":"In &quot;#mmmitmachmontag&quot;","block_context":{"text":"#mmmitmachmontag","link":"https:\/\/www.kreativsuechtig.de\/wordpress\/category\/mmmitmachmontag\/"},"img":{"alt_text":"","src":"https:\/\/i0.wp.com\/www.kreativsuechtig.de\/wordpress\/wp-content\/uploads\/2024\/02\/Vorlage-Blog-Kopie-2.png?resize=350%2C200&ssl=1","width":350,"height":200,"srcset":"https:\/\/i0.wp.com\/www.kreativsuechtig.de\/wordpress\/wp-content\/uploads\/2024\/02\/Vorlage-Blog-Kopie-2.png?resize=350%2C200&ssl=1 1x, https:\/\/i0.wp.com\/www.kreativsuechtig.de\/wordpress\/wp-content\/uploads\/2024\/02\/Vorlage-Blog-Kopie-2.png?resize=525%2C300&ssl=1 1.5x, https:\/\/i0.wp.com\/www.kreativsuechtig.de\/wordpress\/wp-content\/uploads\/2024\/02\/Vorlage-Blog-Kopie-2.png?resize=700%2C400&ssl=1 2x, https:\/\/i0.wp.com\/www.kreativsuechtig.de\/wordpress\/wp-content\/uploads\/2024\/02\/Vorlage-Blog-Kopie-2.png?resize=1050%2C600&ssl=1 3x, https:\/\/i0.wp.com\/www.kreativsuechtig.de\/wordpress\/wp-content\/uploads\/2024\/02\/Vorlage-Blog-Kopie-2.png?resize=1400%2C800&ssl=1 4x"},"classes":[]},{"id":3675,"url":"https:\/\/www.kreativsuechtig.de\/wordpress\/jahresprojekt-april\/","url_meta":{"origin":2294,"position":2},"title":"Jahresprojekt | April","author":"Mel","date":"4. Mai 2021","format":false,"excerpt":"Hier kommt der n\u00e4chste Zwischenstand in Sachen Jahresprojekt: es ist so cool, wie das kleine Dex-Ding immer dicker und runder wird! Der April war hier ganz sch\u00f6n aufregend: die Kinder konnten endlich wieder tageweise in die Schule, der Fr\u00fchling hat Gartenarbeit erlaubt und einige Dinge von der to-do-Liste sind auch\u2026","rel":"","context":"In &quot;Plotter &amp; Cutfiles&quot;","block_context":{"text":"Plotter &amp; Cutfiles","link":"https:\/\/www.kreativsuechtig.de\/wordpress\/category\/plotter-cutfiles\/"},"img":{"alt_text":"Jahresprojekt Scrapbooking","src":"https:\/\/i0.wp.com\/www.kreativsuechtig.de\/wordpress\/wp-content\/uploads\/2021\/05\/Memorydex_Jahresprojekt_Titel-scaled.jpg?resize=350%2C200&ssl=1","width":350,"height":200,"srcset":"https:\/\/i0.wp.com\/www.kreativsuechtig.de\/wordpress\/wp-content\/uploads\/2021\/05\/Memorydex_Jahresprojekt_Titel-scaled.jpg?resize=350%2C200&ssl=1 1x, https:\/\/i0.wp.com\/www.kreativsuechtig.de\/wordpress\/wp-content\/uploads\/2021\/05\/Memorydex_Jahresprojekt_Titel-scaled.jpg?resize=525%2C300&ssl=1 1.5x, https:\/\/i0.wp.com\/www.kreativsuechtig.de\/wordpress\/wp-content\/uploads\/2021\/05\/Memorydex_Jahresprojekt_Titel-scaled.jpg?resize=700%2C400&ssl=1 2x, https:\/\/i0.wp.com\/www.kreativsuechtig.de\/wordpress\/wp-content\/uploads\/2021\/05\/Memorydex_Jahresprojekt_Titel-scaled.jpg?resize=1050%2C600&ssl=1 3x, https:\/\/i0.wp.com\/www.kreativsuechtig.de\/wordpress\/wp-content\/uploads\/2021\/05\/Memorydex_Jahresprojekt_Titel-scaled.jpg?resize=1400%2C800&ssl=1 4x"},"classes":[]},{"id":2986,"url":"https:\/\/www.kreativsuechtig.de\/wordpress\/eigentlich-was-mir-grad-im-kopf-rumgeht\/","url_meta":{"origin":2294,"position":3},"title":"Eigentlich&#8230; | Was mir grad im Kopf rumgeht","author":"Mel","date":"2. Mai 2020","format":false,"excerpt":"Ihr Lieben, lange habe ich keinen Post mehr ohne Bastelhintergrund verfasst. Aber irgendwie ist mir heute danach. Also wenn Ihr m\u00f6gt, schnappt Euch einen Kaffee, denn das hier dauert vermutlich etwas l\u00e4nger. Eigentlich w\u00e4re ich genau jetzt in Berlin. So war es zumindest geplant. Aber den BB Crop und den\u2026","rel":"","context":"In &quot;Neues&quot;","block_context":{"text":"Neues","link":"https:\/\/www.kreativsuechtig.de\/wordpress\/category\/news\/"},"img":{"alt_text":"","src":"https:\/\/i0.wp.com\/www.kreativsuechtig.de\/wordpress\/wp-content\/uploads\/2020\/05\/Workshop.jpg?resize=350%2C200&ssl=1","width":350,"height":200,"srcset":"https:\/\/i0.wp.com\/www.kreativsuechtig.de\/wordpress\/wp-content\/uploads\/2020\/05\/Workshop.jpg?resize=350%2C200&ssl=1 1x, https:\/\/i0.wp.com\/www.kreativsuechtig.de\/wordpress\/wp-content\/uploads\/2020\/05\/Workshop.jpg?resize=525%2C300&ssl=1 1.5x, https:\/\/i0.wp.com\/www.kreativsuechtig.de\/wordpress\/wp-content\/uploads\/2020\/05\/Workshop.jpg?resize=700%2C400&ssl=1 2x"},"classes":[]},{"id":4242,"url":"https:\/\/www.kreativsuechtig.de\/wordpress\/quick-easy-weihnachtskarten-7t7s\/","url_meta":{"origin":2294,"position":4},"title":"Quick &#038; easy Weihnachtskarten | 7t7s","author":"Mel","date":"9. November 2021","format":false,"excerpt":"Mittlerweile ist es ja schon fast eine Tradition: wenn das Magazin in den Druck geht, nutze ich die Zeit, um Euch ein bi\u00dfchen leckerfritzig auf die neue Ausgabe zu machen. Aber damit das Warten nicht zu lang wird, gibt es in der Challengegruppe eine Woche voller Sketche. Wartezeitverk\u00fcrzerscrap. So auch\u2026","rel":"","context":"In &quot;7T7S&quot;","block_context":{"text":"7T7S","link":"https:\/\/www.kreativsuechtig.de\/wordpress\/category\/7t7s\/"},"img":{"alt_text":"Weihnachtskarten","src":"https:\/\/i0.wp.com\/www.kreativsuechtig.de\/wordpress\/wp-content\/uploads\/2021\/11\/7t7s_Titel.jpg?resize=350%2C200&ssl=1","width":350,"height":200,"srcset":"https:\/\/i0.wp.com\/www.kreativsuechtig.de\/wordpress\/wp-content\/uploads\/2021\/11\/7t7s_Titel.jpg?resize=350%2C200&ssl=1 1x, https:\/\/i0.wp.com\/www.kreativsuechtig.de\/wordpress\/wp-content\/uploads\/2021\/11\/7t7s_Titel.jpg?resize=525%2C300&ssl=1 1.5x, https:\/\/i0.wp.com\/www.kreativsuechtig.de\/wordpress\/wp-content\/uploads\/2021\/11\/7t7s_Titel.jpg?resize=700%2C400&ssl=1 2x, https:\/\/i0.wp.com\/www.kreativsuechtig.de\/wordpress\/wp-content\/uploads\/2021\/11\/7t7s_Titel.jpg?resize=1050%2C600&ssl=1 3x, https:\/\/i0.wp.com\/www.kreativsuechtig.de\/wordpress\/wp-content\/uploads\/2021\/11\/7t7s_Titel.jpg?resize=1400%2C800&ssl=1 4x"},"classes":[]},{"id":3580,"url":"https:\/\/www.kreativsuechtig.de\/wordpress\/jahresprojekt-maerz\/","url_meta":{"origin":2294,"position":5},"title":"Jahresprojekt | M\u00e4rz","author":"Mel","date":"20. April 2021","format":false,"excerpt":"Werbung Puh, jetzt sind doch wieder ein paar Tage mehr als urspr\u00fcnglich geplant seit meinem letzten Post vergangen. Dabei stand es die ganze Zeit auf der to-do-Liste, denn ich wei\u00df, da\u00df einige von Euch ganz sehns\u00fcchtig auf das Monats-Cutfile warten. Hier bin ich also, frei nach dem Motto \"besser sp\u00e4t\u2026","rel":"","context":"In &quot;Plotter &amp; Cutfiles&quot;","block_context":{"text":"Plotter &amp; Cutfiles","link":"https:\/\/www.kreativsuechtig.de\/wordpress\/category\/plotter-cutfiles\/"},"img":{"alt_text":"Memorydex und Cutfile","src":"https:\/\/i0.wp.com\/www.kreativsuechtig.de\/wordpress\/wp-content\/uploads\/2021\/04\/Memorydex_Maerz_Titel.jpg?resize=350%2C200&ssl=1","width":350,"height":200,"srcset":"https:\/\/i0.wp.com\/www.kreativsuechtig.de\/wordpress\/wp-content\/uploads\/2021\/04\/Memorydex_Maerz_Titel.jpg?resize=350%2C200&ssl=1 1x, https:\/\/i0.wp.com\/www.kreativsuechtig.de\/wordpress\/wp-content\/uploads\/2021\/04\/Memorydex_Maerz_Titel.jpg?resize=525%2C300&ssl=1 1.5x, https:\/\/i0.wp.com\/www.kreativsuechtig.de\/wordpress\/wp-content\/uploads\/2021\/04\/Memorydex_Maerz_Titel.jpg?resize=700%2C400&ssl=1 2x, https:\/\/i0.wp.com\/www.kreativsuechtig.de\/wordpress\/wp-content\/uploads\/2021\/04\/Memorydex_Maerz_Titel.jpg?resize=1050%2C600&ssl=1 3x, https:\/\/i0.wp.com\/www.kreativsuechtig.de\/wordpress\/wp-content\/uploads\/2021\/04\/Memorydex_Maerz_Titel.jpg?resize=1400%2C800&ssl=1 4x"},"classes":[]}],"_links":{"self":[{"href":"https:\/\/www.kreativsuechtig.de\/wordpress\/wp-json\/wp\/v2\/posts\/2294","targetHints":{"allow":["GET"]}}],"collection":[{"href":"https:\/\/www.kreativsuechtig.de\/wordpress\/wp-json\/wp\/v2\/posts"}],"about":[{"href":"https:\/\/www.kreativsuechtig.de\/wordpress\/wp-json\/wp\/v2\/types\/post"}],"author":[{"embeddable":true,"href":"https:\/\/www.kreativsuechtig.de\/wordpress\/wp-json\/wp\/v2\/users\/4"}],"replies":[{"embeddable":true,"href":"https:\/\/www.kreativsuechtig.de\/wordpress\/wp-json\/wp\/v2\/comments?post=2294"}],"version-history":[{"count":1,"href":"https:\/\/www.kreativsuechtig.de\/wordpress\/wp-json\/wp\/v2\/posts\/2294\/revisions"}],"predecessor-version":[{"id":2321,"href":"https:\/\/www.kreativsuechtig.de\/wordpress\/wp-json\/wp\/v2\/posts\/2294\/revisions\/2321"}],"wp:featuredmedia":[{"embeddable":true,"href":"https:\/\/www.kreativsuechtig.de\/wordpress\/wp-json\/wp\/v2\/media\/2320"}],"wp:attachment":[{"href":"https:\/\/www.kreativsuechtig.de\/wordpress\/wp-json\/wp\/v2\/media?parent=2294"}],"wp:term":[{"taxonomy":"category","embeddable":true,"href":"https:\/\/www.kreativsuechtig.de\/wordpress\/wp-json\/wp\/v2\/categories?post=2294"},{"taxonomy":"post_tag","embeddable":true,"href":"https:\/\/www.kreativsuechtig.de\/wordpress\/wp-json\/wp\/v2\/tags?post=2294"}],"curies":[{"name":"wp","href":"https:\/\/api.w.org\/{rel}","templated":true}]}}